{"id":6786,"date":"2020-03-19T13:16:00","date_gmt":"2020-03-19T11:16:00","guid":{"rendered":"https:\/\/mentalhealthforromania.org\/tulburarile-mintale-in-arta\/"},"modified":"2024-12-06T13:49:12","modified_gmt":"2024-12-06T11:49:12","slug":"tulburarile-mintale-in-arta","status":"publish","type":"post","link":"https:\/\/mentalhealthforromania.org\/en\/mental-health-care\/tulburarile-mintale-in-arta\/","title":{"rendered":"Mental disorders in art"},"content":{"rendered":"\n<p>This article addresses the link between art (mainly fine arts), artists and mental health. Both art therapy and what patients in psychiatric hospitals have been able to create and how they have contributed to a new movement are discussed.<\/p>\n\n<p><em>Francisco Goya, Paul Cezanne, Vincent van Gogh, Edvard Munch, Mark Rothko, Jackson Pollock.<\/em> They all suffered from mental disorders. That hasn&#8217;t stopped them from creating works recognizable decades later. They have made a name for themselves both during their lifetime and long after, overcoming the limits imposed by their specific mental suffering. <strong>Art for them was their escape from the harrowing reality.<\/strong><\/p>\n\n<h2 class=\"wp-block-heading\">Francisco Goya<\/h2>\n\n<p>In 1792, <em>Goya<\/em> was incredibly unwell, with constant fever and constant confusion (he was said to be suffering from encephalitis). Even when he recovered physically, he still suffered from episodes of hallucinations, depressive states and emotional outbursts. After his struggles, he decided to transform mental illness and those suffering from it into a series of engravings entitled &#8220;Los disparates&#8221; and &#8220;Los proverbios&#8221;, from 1815 to 1824. He never exhibited them, nor were they revealed to the public until 40 years after his death.<\/p>\n\n<figure class=\"gb-block-image gb-block-image-8b69d8e9\"><img fetchpriority=\"high\" decoding=\"async\" width=\"1920\" height=\"686\" class=\"gb-image gb-image-8b69d8e9\" src=\"https:\/\/mentalhealthforromania.org\/wp-content\/uploads\/2023\/02\/photo2-e1676290005802.jpg\" alt=\"Picturile &quot;Los disparates&quot; \u0219i &quot;Los proverbios&quot; de Francisco Goya\" title=\"photo2\" srcset=\"https:\/\/mentalhealthforromania.org\/wp-content\/uploads\/2023\/02\/photo2-e1676290005802.jpg 1920w, https:\/\/mentalhealthforromania.org\/wp-content\/uploads\/2023\/02\/photo2-e1676290005802-300x107.jpg 300w, https:\/\/mentalhealthforromania.org\/wp-content\/uploads\/2023\/02\/photo2-e1676290005802-1024x366.jpg 1024w, https:\/\/mentalhealthforromania.org\/wp-content\/uploads\/2023\/02\/photo2-e1676290005802-768x274.jpg 768w, https:\/\/mentalhealthforromania.org\/wp-content\/uploads\/2023\/02\/photo2-e1676290005802-1536x549.jpg 1536w, https:\/\/mentalhealthforromania.org\/wp-content\/uploads\/2023\/02\/photo2-e1676290005802-1600x572.jpg 1600w\" sizes=\"(max-width: 1920px) 100vw, 1920px\" \/><figcaption class=\"gb-headline gb-headline-bde06de0 gb-headline-text gb-headline-image-caption\">&#8220;Los disparates&#8221; &#8211; Francisco Goya   \n     &#038;                                           \n&#8220;Los proverbios&#8221; &#8211; Francisco Goya<\/figcaption><\/figure>\n\n<h2 class=\"wp-block-heading\">Paul Cezanne<\/h2>\n\n<p><em>Paul Cezanne<\/em> had repeated bouts of depression and expressed them in a multitude of canvases such as &#8220;Pyramid of Skulls&#8221;, &#8220;Murder&#8221;, &#8220;Young Man with a Skull&#8221; and three works entitled &#8220;Self-portrait&#8221;.<\/p>\n\n<figure class=\"gb-block-image gb-block-image-1291cbdd\"><img decoding=\"async\" width=\"2197\" height=\"818\" class=\"gb-image gb-image-1291cbdd\" src=\"https:\/\/mentalhealthforromania.org\/wp-content\/uploads\/2020\/03\/photo3-e1676290419397.jpg\" alt=\"Picturi de Paul Cezanne \u2013 &quot;Autoportret&quot;, &quot;T\u00e2n\u0103r cu craniu&quot; \u0219i &quot;Piramida de cranii&quot;\" title=\"photo+3\" srcset=\"https:\/\/mentalhealthforromania.org\/wp-content\/uploads\/2020\/03\/photo3-e1676290419397.jpg 2197w, https:\/\/mentalhealthforromania.org\/wp-content\/uploads\/2020\/03\/photo3-e1676290419397-300x112.jpg 300w, https:\/\/mentalhealthforromania.org\/wp-content\/uploads\/2020\/03\/photo3-e1676290419397-1024x381.jpg 1024w, https:\/\/mentalhealthforromania.org\/wp-content\/uploads\/2020\/03\/photo3-e1676290419397-768x286.jpg 768w, https:\/\/mentalhealthforromania.org\/wp-content\/uploads\/2020\/03\/photo3-e1676290419397-1536x572.jpg 1536w, https:\/\/mentalhealthforromania.org\/wp-content\/uploads\/2020\/03\/photo3-e1676290419397-2048x763.jpg 2048w, https:\/\/mentalhealthforromania.org\/wp-content\/uploads\/2020\/03\/photo3-e1676290419397-1600x596.jpg 1600w\" sizes=\"(max-width: 2197px) 100vw, 2197px\" \/><figcaption class=\"gb-headline gb-headline-69e67899 gb-headline-text gb-headline-image-caption\">&#8220;Tanar cu craniu&#8221; &#8211; Paul Cezanne &#038; &#8220;Autoportret&#8221; &#8211; Paul Cezanne &#038; &#8220;Piramida de cranii&#8221; &#8211; Paul Cezanne<\/figcaption><\/figure>\n\n<h2 class=\"wp-block-heading\">Vincent Van Gogh<\/h2>\n\n<p><em> Van Gogh<\/em> also had depressive episodes, frenzies and repeated hallucinations. Doctors blamed absinthe for the artist&#8217;s poor mental state, but he was diagnosed post-mortem with a variety of illnesses, including bipolar disorder. The mood swings, obsession with death and psychotic perceptions can be seen in many of his works, the best known being &#8220;Starry Night&#8221;, &#8220;Portrait of Dr. Gachet&#8221;, &#8220;Self-Portrait&#8221;, and &#8220;Vincent&#8217;s studio window at St. Paul&#8217;s Hospital in Saint Remy&#8221;.<\/p>\n\n<figure class=\"gb-block-image gb-block-image-a24ccff1\"><img decoding=\"async\" width=\"2122\" height=\"779\" class=\"gb-image gb-image-a24ccff1\" src=\"https:\/\/mentalhealthforromania.org\/wp-content\/uploads\/2020\/03\/photo4-e1676291530574.jpg\" alt=\"Picturi de Van Gogh \u2013 &quot;Noapte \u00eenstelat\u0103&quot;, &quot;Autoportret&quot; \u0219i &quot;Portretul doctorului Gachet&quot;\" title=\"photo+4\" srcset=\"https:\/\/mentalhealthforromania.org\/wp-content\/uploads\/2020\/03\/photo4-e1676291530574.jpg 2122w, https:\/\/mentalhealthforromania.org\/wp-content\/uploads\/2020\/03\/photo4-e1676291530574-300x110.jpg 300w, https:\/\/mentalhealthforromania.org\/wp-content\/uploads\/2020\/03\/photo4-e1676291530574-1024x376.jpg 1024w, https:\/\/mentalhealthforromania.org\/wp-content\/uploads\/2020\/03\/photo4-e1676291530574-768x282.jpg 768w, https:\/\/mentalhealthforromania.org\/wp-content\/uploads\/2020\/03\/photo4-e1676291530574-1536x564.jpg 1536w, https:\/\/mentalhealthforromania.org\/wp-content\/uploads\/2020\/03\/photo4-e1676291530574-2048x752.jpg 2048w, https:\/\/mentalhealthforromania.org\/wp-content\/uploads\/2020\/03\/photo4-e1676291530574-1600x587.jpg 1600w\" sizes=\"(max-width: 2122px) 100vw, 2122px\" \/><figcaption class=\"gb-headline gb-headline-66ad8fe4 gb-headline-text gb-headline-image-caption\">&#8220;Noapte instelata&#8221; &#8211; Van Gogh &#038; &#8220;Autoportret&#8221; &#8211; Van Gogh &#038; &#8220;Portretul doctorului Gachet&#8221; &#8211; Van Gogh<\/figcaption><\/figure>\n\n<h2 class=\"wp-block-heading\">Edvard Munch<\/h2>\n\n<p>Most post-impressionists are known for exposing their struggles in art. Despair and helplessness are best shown in the well-known work &#8220;The Scream&#8221; by Norwegian <em>Edvard Munch, <\/em>for which he has several versions. Most of his paintings expose his fears and convey his despair, his helplessness, his distrust of a better life. This includes &#8220;Anxiety&#8221;, &#8220;Vampire&#8221; and &#8220;Melancholia&#8221;.<\/p>\n\n<figure class=\"gb-block-image gb-block-image-fcce8a38\"><img loading=\"lazy\" decoding=\"async\" width=\"2500\" height=\"937\" class=\"gb-image gb-image-fcce8a38\" src=\"https:\/\/mentalhealthforromania.org\/wp-content\/uploads\/2020\/03\/photo5-e1676291656520.jpg\" alt=\"Picturi de Edvard Munch \u2013 &quot;\u021aip\u0103tul&quot;, &quot;Anxietate&quot; \u0219i &quot;Melancolie&quot;\" title=\"photo+5\" srcset=\"https:\/\/mentalhealthforromania.org\/wp-content\/uploads\/2020\/03\/photo5-e1676291656520.jpg 2500w, https:\/\/mentalhealthforromania.org\/wp-content\/uploads\/2020\/03\/photo5-e1676291656520-300x112.jpg 300w, https:\/\/mentalhealthforromania.org\/wp-content\/uploads\/2020\/03\/photo5-e1676291656520-1024x384.jpg 1024w, https:\/\/mentalhealthforromania.org\/wp-content\/uploads\/2020\/03\/photo5-e1676291656520-768x288.jpg 768w, https:\/\/mentalhealthforromania.org\/wp-content\/uploads\/2020\/03\/photo5-e1676291656520-1536x576.jpg 1536w, https:\/\/mentalhealthforromania.org\/wp-content\/uploads\/2020\/03\/photo5-e1676291656520-2048x768.jpg 2048w, https:\/\/mentalhealthforromania.org\/wp-content\/uploads\/2020\/03\/photo5-e1676291656520-1600x600.jpg 1600w\" sizes=\"(max-width: 2500px) 100vw, 2500px\" \/><figcaption class=\"gb-headline gb-headline-069a6bda gb-headline-text gb-headline-image-caption\">&#8220;\u021aip\u0103tul&#8221; &#8211; Edvard Munch &#038; &#8220;Anxietate&#8221; &#8211; Edvard Munch &#038; &#8220;Melancolie&#8221; &#8211; Edvard Munch<\/figcaption><\/figure>\n\n<h2 class=\"wp-block-heading\">Mark Rothko<\/h2>\n\n<p><em>Rothko<\/em> struggled with depression all his life. The deep colors in his paintings provoked feelings of sadness in viewers and himself. Most of his works are untitled.<\/p>\n\n<h2 class=\"wp-block-heading\">Jackson Pollock<\/h2>\n\n<p><em>Jackson Pollock<\/em> was addicted to alcohol and, unable to stay sober for long, he exposed his suffering, sadness and suicidal ideation through art. There is a recording of him expressing his inner chaos on canvas, an activity that brought him a sense of fulfillment and peace.<\/p>\n\n<figure class=\"gb-block-image gb-block-image-3ea94dd9\"><img loading=\"lazy\" decoding=\"async\" width=\"2479\" height=\"1022\" class=\"gb-image gb-image-3ea94dd9\" src=\"https:\/\/mentalhealthforromania.org\/wp-content\/uploads\/2020\/03\/photo6-e1676291787265.jpg\" alt=\"Picturi &quot;Neintitulat&quot; - Mark Rothko \u0219i &quot;Convergen\u021ba&quot; - Jackson Pollock\" title=\"photo+6\" srcset=\"https:\/\/mentalhealthforromania.org\/wp-content\/uploads\/2020\/03\/photo6-e1676291787265.jpg 2479w, https:\/\/mentalhealthforromania.org\/wp-content\/uploads\/2020\/03\/photo6-e1676291787265-300x124.jpg 300w, https:\/\/mentalhealthforromania.org\/wp-content\/uploads\/2020\/03\/photo6-e1676291787265-1024x422.jpg 1024w, https:\/\/mentalhealthforromania.org\/wp-content\/uploads\/2020\/03\/photo6-e1676291787265-768x317.jpg 768w, https:\/\/mentalhealthforromania.org\/wp-content\/uploads\/2020\/03\/photo6-e1676291787265-1536x633.jpg 1536w, https:\/\/mentalhealthforromania.org\/wp-content\/uploads\/2020\/03\/photo6-e1676291787265-2048x844.jpg 2048w, https:\/\/mentalhealthforromania.org\/wp-content\/uploads\/2020\/03\/photo6-e1676291787265-1600x660.jpg 1600w\" sizes=\"(max-width: 2479px) 100vw, 2479px\" \/><figcaption class=\"gb-headline gb-headline-e8e5982a gb-headline-text gb-headline-image-caption\">&#8220;Neintitulat&#8221; &#8211; Mark Rothko &#038; &#8220;Convergen\u021b\u0103&#8221; &#8211; Jackson Pollock<\/figcaption><\/figure>\n\n<hr class=\"wp-block-separator has-alpha-channel-opacity\"\/>\n\n<p><\/p>\n\n<p>The question remains. Is there a clear link between creativity (art) and mental illness? There are multiple studies on this. The older ones say there is a link, but more recent ones, such as the one led by Simon Kyaga at the Karabins Institute in Stockholm or the one led by the University of Gothenburg, say the opposite. One does not always imply the other, with researchers finding no clear association between being creative and having a psychiatric condition. We are still left with questions like &#8220;If you are a writer, for example, will you develop a psychiatric problem?&#8221; or &#8220;Do mental health problems lead to individuals trying to express their inner feelings in a creative way?&#8221;.<\/p>\n\n<p>Art, on the other hand, helps people to express their emotions, to give them a form regardless of their nature, so we can use this way of expression as a therapy. As <em>Emil Cioran<\/em> said, art can help both the artist and the viewer\/reader. The philosopher said in &#8216;Exercises in Admiration&#8217; that constant writing helped him through his long periods of insomnia, even stopping him from killing himself. Writing was the ultimate form of therapy for him.<\/p>\n\n<p><em>Frida Kahlo<\/em> also said that art, painting specifically, was there for her when no one else was. Physical pain and health problems became part of her daily life after a serious bus accident. Her artistic work shows the trauma she went through, the immobility and mental and physical pain she was constantly struggling with.<\/p>\n\n<p>There are many examples of artists for whom their own art turned into a form of therapy. So is art a form of therapy in general? Definitely yes. The first documentation of <strong>art therapy<\/strong> appears in mid-19th-century Scotland, where patients were encouraged to draw and paint in asylums. Since then art therapy has evolved into a subject in its own right, with degrees, master&#8217;s programs and even PhDs.<\/p>\n\n<p>It is used in hospitalized patients with severe and persistent mental problems, but also in patients with depression, various types of anxiety and emotional problems. There are plenty of rehabilitation programs as well as programs for those diagnosed with an autism spectrum disorder that use art therapy. This type of therapy is also used with people without mental problems as a way to express their feelings and thoughts.<\/p>\n\n<p>About the artists presented at the beginning, we cannot clearly say what state they were in from a mental point of view, as there are no concrete documents to prove it. We will also mention <strong>people whose disorders were diagnosed and whose art was made while they were in psychiatric hospitals<\/strong>.<\/p>\n\n<p>A year after the psychiatrist Walter Marghentaler published a monograph on the life and art of <em>Adolf Wolfli<\/em> (a schizophrenic patient under his care), Hans Prinzhar published &#8220;The Art of the Mentally Ill&#8221;, a text on mental illness and creativity. Prinzhar&#8217;s studies have received a lot of attention from the public and even from interesting artists such as Paul Klee, Max Ernst and Jean Dubuffet. In 1940, the term &#8220;outsider art&#8221; was coined.<\/p>\n\n<figure class=\"gb-block-image gb-block-image-5771b98b\"><img loading=\"lazy\" decoding=\"async\" width=\"1194\" height=\"1169\" class=\"gb-image gb-image-5771b98b\" src=\"https:\/\/mentalhealthforromania.org\/wp-content\/uploads\/2020\/03\/image-asset-e1676291942856.jpeg\" alt=\"Pictur\u0103 de Adolf W\u00f6lfi portretiz\u00e2nd un b\u0103rbat cu masc\u0103 \u0219i o foarfec\u0103.\" title=\"image-asset\" srcset=\"https:\/\/mentalhealthforromania.org\/wp-content\/uploads\/2020\/03\/image-asset-e1676291942856.jpeg 1194w, https:\/\/mentalhealthforromania.org\/wp-content\/uploads\/2020\/03\/image-asset-e1676291942856-300x294.jpeg 300w, https:\/\/mentalhealthforromania.org\/wp-content\/uploads\/2020\/03\/image-asset-e1676291942856-1024x1003.jpeg 1024w, https:\/\/mentalhealthforromania.org\/wp-content\/uploads\/2020\/03\/image-asset-e1676291942856-768x752.jpeg 768w\" sizes=\"(max-width: 1194px) 100vw, 1194px\" \/><figcaption class=\"gb-headline gb-headline-73f76f66 gb-headline-text gb-headline-image-caption\">Autorul operei: Adolf W\u00f6lfi<\/figcaption><\/figure>\n\n<p>The most interesting works of art created in psychiatric hospitals are thought to be those of schizophrenics. Even a famous artist by the name of <em>Louis Wain<\/em> was one of them. At the beginning of his artistic life he painted anthropomorphized cats with large eyes that often gambled. Shortly after his wife died, he was triggered into depression and also diagnosed with schizophrenia at 57. He became aggressive and was hospitalized, spending the last 15 years of his life hospitalized. It was not only his personality that was affected, but also his artistic style, as his paintings became less and less like his original art (for example, his famous smiling cats became more geometric and colorful). Most of these psychedelic cats were born at Napsbury Hospital, where Wain was admitted and died.<\/p>\n\n<figure class=\"gb-block-image gb-block-image-612c03ca\"><img loading=\"lazy\" decoding=\"async\" width=\"2307\" height=\"1130\" class=\"gb-image gb-image-612c03ca\" src=\"https:\/\/mentalhealthforromania.org\/wp-content\/uploads\/2020\/03\/photo15-e1676291985353.jpg\" alt=\"Picturi cu pisici z\u00e2mb\u0103re\u021be: &quot;Shortears Began And Sung A Solo&quot; (1886) \u0219i &quot;Cat Drawing&quot; (c. 1920s)\" title=\"photo+15\" srcset=\"https:\/\/mentalhealthforromania.org\/wp-content\/uploads\/2020\/03\/photo15-e1676291985353.jpg 2307w, https:\/\/mentalhealthforromania.org\/wp-content\/uploads\/2020\/03\/photo15-e1676291985353-300x147.jpg 300w, https:\/\/mentalhealthforromania.org\/wp-content\/uploads\/2020\/03\/photo15-e1676291985353-1024x502.jpg 1024w, https:\/\/mentalhealthforromania.org\/wp-content\/uploads\/2020\/03\/photo15-e1676291985353-768x376.jpg 768w, https:\/\/mentalhealthforromania.org\/wp-content\/uploads\/2020\/03\/photo15-e1676291985353-1536x752.jpg 1536w, https:\/\/mentalhealthforromania.org\/wp-content\/uploads\/2020\/03\/photo15-e1676291985353-2048x1003.jpg 2048w, https:\/\/mentalhealthforromania.org\/wp-content\/uploads\/2020\/03\/photo15-e1676291985353-1600x784.jpg 1600w\" sizes=\"(max-width: 2307px) 100vw, 2307px\" \/><figcaption class=\"gb-headline gb-headline-c662d384 gb-headline-text gb-headline-image-caption\">Shortears Began And Sung A Solo (1886) &#038; Cat Drawing (c. 1920s)<\/figcaption><\/figure>\n\n<p>Schizophrenics give a specific, indeed remarkable, form to what they see. Most include eyes and various machines designed to spy on them and collect data about them, as most of them suffer from paranoid schizophrenia. The torment they go through makes them very precise when describing their beliefs. On the other hand, the eyes can represent how self-aware they are and their connection to the real world.<\/p>\n\n<figure class=\"gb-block-image gb-block-image-23201a86\"><img loading=\"lazy\" decoding=\"async\" width=\"1407\" height=\"784\" class=\"gb-image gb-image-23201a86\" src=\"https:\/\/mentalhealthforromania.org\/wp-content\/uploads\/2020\/03\/photo13-e1676292087798.jpg\" alt=\"Picturi cu corpuri \u0219i fe\u021be distorsionate.\" title=\"photo+13\" srcset=\"https:\/\/mentalhealthforromania.org\/wp-content\/uploads\/2020\/03\/photo13-e1676292087798.jpg 1407w, https:\/\/mentalhealthforromania.org\/wp-content\/uploads\/2020\/03\/photo13-e1676292087798-300x167.jpg 300w, https:\/\/mentalhealthforromania.org\/wp-content\/uploads\/2020\/03\/photo13-e1676292087798-1024x571.jpg 1024w, https:\/\/mentalhealthforromania.org\/wp-content\/uploads\/2020\/03\/photo13-e1676292087798-768x428.jpg 768w\" sizes=\"(max-width: 1407px) 100vw, 1407px\" \/><figcaption class=\"gb-headline gb-headline-0f7fa2b1 gb-headline-text gb-headline-image-caption\">Neintitulate<\/figcaption><\/figure>\n\n<figure class=\"gb-block-image gb-block-image-ecbf9224\"><img loading=\"lazy\" decoding=\"async\" width=\"1407\" height=\"816\" class=\"gb-image gb-image-ecbf9224\" src=\"https:\/\/mentalhealthforromania.org\/wp-content\/uploads\/2020\/03\/photo12-e1676292121590.jpg\" alt=\"Autoportrete realizate de Brain Chanley\" title=\"photo+12\" srcset=\"https:\/\/mentalhealthforromania.org\/wp-content\/uploads\/2020\/03\/photo12-e1676292121590.jpg 1407w, https:\/\/mentalhealthforromania.org\/wp-content\/uploads\/2020\/03\/photo12-e1676292121590-300x174.jpg 300w, https:\/\/mentalhealthforromania.org\/wp-content\/uploads\/2020\/03\/photo12-e1676292121590-1024x594.jpg 1024w, https:\/\/mentalhealthforromania.org\/wp-content\/uploads\/2020\/03\/photo12-e1676292121590-768x445.jpg 768w\" sizes=\"(max-width: 1407px) 100vw, 1407px\" \/><figcaption class=\"gb-headline gb-headline-6ee097fd gb-headline-text gb-headline-image-caption\">&#8220;Autoportret&#8221; &#8211; Brain Chanley<\/figcaption><\/figure>\n\n<p>Most people suffering from schizophrenia want to abstain from medication because they claim it takes away from their inspiration, a case in point being the mathematician <em>John Nash<\/em>.<\/p>\n\n<p>The art of those in psychiatric hospitals has also inspired many artists who do not suffer from a mental illness to create canvases depicting various illnesses such as social anxiety, depression, insomnia, post-traumatic stress disorder, bipolar, borderline personality, autism spectrum disorders, obsessive-compulsive disorder and anorexia.<\/p>\n\n<p>So we see how art often has the power to vividly express feelings and moods that are otherwise hidden deep down in our minds.<\/p>\n\n<figure class=\"gb-block-image gb-block-image-da36a485\"><img loading=\"lazy\" decoding=\"async\" width=\"1246\" height=\"819\" class=\"gb-image gb-image-da36a485\" src=\"https:\/\/mentalhealthforromania.org\/wp-content\/uploads\/2020\/03\/photo7.jpg\" alt=\"\" title=\"photo+7\" srcset=\"https:\/\/mentalhealthforromania.org\/wp-content\/uploads\/2020\/03\/photo7.jpg 1246w, https:\/\/mentalhealthforromania.org\/wp-content\/uploads\/2020\/03\/photo7-300x197.jpg 300w, https:\/\/mentalhealthforromania.org\/wp-content\/uploads\/2020\/03\/photo7-1024x673.jpg 1024w, https:\/\/mentalhealthforromania.org\/wp-content\/uploads\/2020\/03\/photo7-768x505.jpg 768w\" sizes=\"(max-width: 1246px) 100vw, 1246px\" \/><\/figure>\n\n<figure class=\"gb-block-image gb-block-image-db1e7ec4\"><img loading=\"lazy\" decoding=\"async\" width=\"1801\" height=\"885\" class=\"gb-image gb-image-db1e7ec4\" src=\"https:\/\/mentalhealthforromania.org\/wp-content\/uploads\/2020\/03\/photo8.jpg\" alt=\"Drawings depicting different mental disorders.\" title=\"photo+8\" srcset=\"https:\/\/mentalhealthforromania.org\/wp-content\/uploads\/2020\/03\/photo8.jpg 1801w, https:\/\/mentalhealthforromania.org\/wp-content\/uploads\/2020\/03\/photo8-300x147.jpg 300w, https:\/\/mentalhealthforromania.org\/wp-content\/uploads\/2020\/03\/photo8-1024x503.jpg 1024w, https:\/\/mentalhealthforromania.org\/wp-content\/uploads\/2020\/03\/photo8-768x377.jpg 768w, https:\/\/mentalhealthforromania.org\/wp-content\/uploads\/2020\/03\/photo8-1536x755.jpg 1536w, https:\/\/mentalhealthforromania.org\/wp-content\/uploads\/2020\/03\/photo8-1600x786.jpg 1600w\" sizes=\"(max-width: 1801px) 100vw, 1801px\" \/><\/figure>\n\n<figure class=\"gb-block-image gb-block-image-dd973422\"><img loading=\"lazy\" decoding=\"async\" width=\"1801\" height=\"918\" class=\"gb-image gb-image-dd973422\" src=\"https:\/\/mentalhealthforromania.org\/wp-content\/uploads\/2020\/03\/photo10-e1676292207241.jpg\" alt=\"Desene portretiz\u00e2nd diferite tulbur\u0103ri mintale.\" title=\"photo+10\" srcset=\"https:\/\/mentalhealthforromania.org\/wp-content\/uploads\/2020\/03\/photo10-e1676292207241.jpg 1801w, https:\/\/mentalhealthforromania.org\/wp-content\/uploads\/2020\/03\/photo10-e1676292207241-300x153.jpg 300w, https:\/\/mentalhealthforromania.org\/wp-content\/uploads\/2020\/03\/photo10-e1676292207241-1024x522.jpg 1024w, https:\/\/mentalhealthforromania.org\/wp-content\/uploads\/2020\/03\/photo10-e1676292207241-768x391.jpg 768w, https:\/\/mentalhealthforromania.org\/wp-content\/uploads\/2020\/03\/photo10-e1676292207241-1536x783.jpg 1536w, https:\/\/mentalhealthforromania.org\/wp-content\/uploads\/2020\/03\/photo10-e1676292207241-1600x816.jpg 1600w\" sizes=\"(max-width: 1801px) 100vw, 1801px\" \/><figcaption class=\"gb-headline gb-headline-51873736 gb-headline-text gb-headline-image-caption\">https:\/\/highexistence.com\/18-mental-illness-drawings\/<\/figcaption><\/figure>\n\n<h3 class=\"wp-block-heading\">Resources:<\/h3>\n\n<p><sup>[1]<\/sup> <a href=\"https:\/\/www.medlife.ro\/articole-medicale\/legatura-dintre-creativitate-si-bolile-mintale-confirmata-de-cel-mai-amplu-studiu-realizat-vreodata.html\" data-type=\"URL\" data-id=\"https:\/\/www.medlife.ro\/articole-medicale\/legatura-dintre-creativitate-si-bolile-mintale-confirmata-de-cel-mai-amplu-studiu-realizat-vreodata.html\">The link between creativity and mental illness, confirmed by the largest ever study<\/a><\/p>\n\n<p><sup>[2]<\/sup> <a href=\"https:\/\/www.insider.com\/the-link-between-creativity-and-mental-health-2018-7\" data-type=\"URL\" data-id=\"https:\/\/www.insider.com\/the-link-between-creativity-and-mental-health-2018-7\">The link between creativity and health<\/a><\/p>\n\n<p><sup>[3]<\/sup> <a href=\"https:\/\/observer.com\/2018\/07\/psychiatrists-say-studies-linking-artists-and-mental-illness-are-flawed\/\" data-type=\"URL\" data-id=\"https:\/\/observer.com\/2018\/07\/psychiatrists-say-studies-linking-artists-and-mental-illness-are-flawed\/\">The Problem With Studies Claiming Artists Have Higher Rates of Mental Illness<\/a><\/p>\n\n<p><sup>[4]<\/sup> <a href=\"https:\/\/www.psychologytoday.com\/us\/blog\/creative-explorations\/201503\/creativity-and-mental-illness\" data-type=\"URL\" data-id=\"https:\/\/www.psychologytoday.com\/us\/blog\/creative-explorations\/201503\/creativity-and-mental-illness\">Creativity and Mental Illness<\/a><\/p>\n\n<p><sup>[5]<\/sup> <a href=\"https:\/\/www.ncbi.nlm.nih.gov\/pmc\/articles\/PMC2736519\/\" data-type=\"URL\" data-id=\"https:\/\/www.ncbi.nlm.nih.gov\/pmc\/articles\/PMC2736519\/\">Using artwork to understand the experience of mental illness: Mainstream artists and Outsider artists<\/a><\/p>\n","protected":false},"excerpt":{"rendered":"<p>This article addresses the link between art (mainly fine arts), artists and mental health. Both art therapy and what patients in psychiatric hospitals have been able to create and how they have contributed to a new movement are discussed.<\/p>\n","protected":false},"author":2,"featured_media":5725,"comment_status":"closed","ping_status":"open","sticky":false,"template":"","format":"standard","meta":{"_eb_attr":"","footnotes":""},"categories":[1054],"tags":[445,446,447,449,451,455,464,467,469],"class_list":["post-6786","post","type-post","status-publish","format-standard","has-post-thumbnail","hentry","category-mental-health-care","tag-addictions","tag-anorexia","tag-anxiety","tag-autism","tag-borderline","tag-depression","tag-schizophrenia","tag-therapy","tag-bipolar-disorder"],"yoast_head":"<!-- This site is optimized with the Yoast SEO plugin v26.4 - https:\/\/yoast.com\/wordpress\/plugins\/seo\/ -->\n<title>Mental disorders in art - Mental Health for Romania<\/title>\n<meta name=\"description\" content=\"Article about well-known artists who have suffered from mental disorders, artwork by psychiatric patients and art therapy.\" \/>\n<meta name=\"robots\" content=\"index, follow, max-snippet:-1, max-image-preview:large, max-video-preview:-1\" \/>\n<link rel=\"canonical\" href=\"https:\/\/mentalhealthforromania.org\/en\/mental-health-care\/tulburarile-mintale-in-arta\/\" \/>\n<meta property=\"og:locale\" content=\"en_US\" \/>\n<meta property=\"og:type\" content=\"article\" \/>\n<meta property=\"og:title\" content=\"Mental disorders in art - Mental Health for Romania\" \/>\n<meta property=\"og:description\" content=\"Article about well-known artists who have suffered from mental disorders, artwork by psychiatric patients and art therapy.\" \/>\n<meta property=\"og:url\" content=\"https:\/\/mentalhealthforromania.org\/en\/mental-health-care\/tulburarile-mintale-in-arta\/\" \/>\n<meta property=\"og:site_name\" content=\"Mental Health for Romania\" \/>\n<meta property=\"article:publisher\" content=\"https:\/\/www.facebook.com\/MentalHealthRomania\" \/>\n<meta property=\"article:published_time\" content=\"2020-03-19T11:16:00+00:00\" \/>\n<meta property=\"article:modified_time\" content=\"2024-12-06T11:49:12+00:00\" \/>\n<meta property=\"og:image\" content=\"https:\/\/mentalhealthforromania.org\/wp-content\/uploads\/2020\/03\/coverblogpost.jpg\" \/>\n\t<meta property=\"og:image:width\" content=\"1080\" \/>\n\t<meta property=\"og:image:height\" content=\"1080\" \/>\n\t<meta property=\"og:image:type\" content=\"image\/jpeg\" \/>\n<meta name=\"author\" content=\"Antonius Hegyes\" \/>\n<meta name=\"twitter:card\" content=\"summary_large_image\" \/>\n<meta name=\"twitter:label1\" content=\"Written by\" \/>\n\t<meta name=\"twitter:data1\" content=\"David Ninu\" \/>\n\t<meta name=\"twitter:label2\" content=\"Est. reading time\" \/>\n\t<meta name=\"twitter:data2\" content=\"6 minutes\" \/>\n<!-- \/ Yoast SEO plugin. -->","yoast_head_json":{"title":"Mental disorders in art - Mental Health for Romania","description":"Article about well-known artists who have suffered from mental disorders, artwork by psychiatric patients and art therapy.","robots":{"index":"index","follow":"follow","max-snippet":"max-snippet:-1","max-image-preview":"max-image-preview:large","max-video-preview":"max-video-preview:-1"},"canonical":"https:\/\/mentalhealthforromania.org\/en\/mental-health-care\/tulburarile-mintale-in-arta\/","og_locale":"en_US","og_type":"article","og_title":"Mental disorders in art - Mental Health for Romania","og_description":"Article about well-known artists who have suffered from mental disorders, artwork by psychiatric patients and art therapy.","og_url":"https:\/\/mentalhealthforromania.org\/en\/mental-health-care\/tulburarile-mintale-in-arta\/","og_site_name":"Mental Health for Romania","article_publisher":"https:\/\/www.facebook.com\/MentalHealthRomania","article_published_time":"2020-03-19T11:16:00+00:00","article_modified_time":"2024-12-06T11:49:12+00:00","og_image":[{"width":1080,"height":1080,"url":"https:\/\/mentalhealthforromania.org\/wp-content\/uploads\/2020\/03\/coverblogpost.jpg","type":"image\/jpeg"}],"author":"Antonius Hegyes","twitter_card":"summary_large_image","twitter_misc":{"Written by":"David Ninu","Est. reading time":"6 minutes"},"schema":{"@context":"https:\/\/schema.org","@graph":[{"@type":"Article","@id":"https:\/\/mentalhealthforromania.org\/en\/mental-health-care\/tulburarile-mintale-in-arta\/#article","isPartOf":{"@id":"https:\/\/mentalhealthforromania.org\/en\/mental-health-care\/tulburarile-mintale-in-arta\/"},"author":{"name":"Antonius Hegyes","@id":"https:\/\/mentalhealthforromania.org\/en\/#\/schema\/person\/f35c8a234751989db8d150f49f997907"},"headline":"Mental disorders in art","datePublished":"2020-03-19T11:16:00+00:00","dateModified":"2024-12-06T11:49:12+00:00","mainEntityOfPage":{"@id":"https:\/\/mentalhealthforromania.org\/en\/mental-health-care\/tulburarile-mintale-in-arta\/"},"wordCount":1288,"publisher":{"@id":"https:\/\/mentalhealthforromania.org\/en\/#organization"},"image":{"@id":"https:\/\/mentalhealthforromania.org\/en\/mental-health-care\/tulburarile-mintale-in-arta\/#primaryimage"},"thumbnailUrl":"https:\/\/mentalhealthforromania.org\/wp-content\/uploads\/2020\/03\/coverblogpost.jpg","keywords":["addictions","anorexia","anxiety","autism","borderline","depression","schizophrenia","therapy","bipolar disorder"],"articleSection":["Mental health care resources"],"inLanguage":"en-US"},{"@type":"WebPage","@id":"https:\/\/mentalhealthforromania.org\/en\/mental-health-care\/tulburarile-mintale-in-arta\/","url":"https:\/\/mentalhealthforromania.org\/en\/mental-health-care\/tulburarile-mintale-in-arta\/","name":"Mental disorders in art - Mental Health for Romania","isPartOf":{"@id":"https:\/\/mentalhealthforromania.org\/en\/#website"},"primaryImageOfPage":{"@id":"https:\/\/mentalhealthforromania.org\/en\/mental-health-care\/tulburarile-mintale-in-arta\/#primaryimage"},"image":{"@id":"https:\/\/mentalhealthforromania.org\/en\/mental-health-care\/tulburarile-mintale-in-arta\/#primaryimage"},"thumbnailUrl":"https:\/\/mentalhealthforromania.org\/wp-content\/uploads\/2020\/03\/coverblogpost.jpg","datePublished":"2020-03-19T11:16:00+00:00","dateModified":"2024-12-06T11:49:12+00:00","description":"Article about well-known artists who have suffered from mental disorders, artwork by psychiatric patients and art therapy.","breadcrumb":{"@id":"https:\/\/mentalhealthforromania.org\/en\/mental-health-care\/tulburarile-mintale-in-arta\/#breadcrumb"},"inLanguage":"en-US","potentialAction":[{"@type":"ReadAction","target":["https:\/\/mentalhealthforromania.org\/en\/mental-health-care\/tulburarile-mintale-in-arta\/"]}]},{"@type":"ImageObject","inLanguage":"en-US","@id":"https:\/\/mentalhealthforromania.org\/en\/mental-health-care\/tulburarile-mintale-in-arta\/#primaryimage","url":"https:\/\/mentalhealthforromania.org\/wp-content\/uploads\/2020\/03\/coverblogpost.jpg","contentUrl":"https:\/\/mentalhealthforromania.org\/wp-content\/uploads\/2020\/03\/coverblogpost.jpg","width":1080,"height":1080},{"@type":"BreadcrumbList","@id":"https:\/\/mentalhealthforromania.org\/en\/mental-health-care\/tulburarile-mintale-in-arta\/#breadcrumb","itemListElement":[{"@type":"ListItem","position":1,"name":"Home","item":"https:\/\/mentalhealthforromania.org\/en\/home\/"},{"@type":"ListItem","position":2,"name":"Mental disorders in art"}]},{"@type":"WebSite","@id":"https:\/\/mentalhealthforromania.org\/en\/#website","url":"https:\/\/mentalhealthforromania.org\/en\/","name":"Mental Health for Romania","description":"","publisher":{"@id":"https:\/\/mentalhealthforromania.org\/en\/#organization"},"potentialAction":[{"@type":"SearchAction","target":{"@type":"EntryPoint","urlTemplate":"https:\/\/mentalhealthforromania.org\/en\/?s={search_term_string}"},"query-input":{"@type":"PropertyValueSpecification","valueRequired":true,"valueName":"search_term_string"}}],"inLanguage":"en-US"},{"@type":"Organization","@id":"https:\/\/mentalhealthforromania.org\/en\/#organization","name":"Asocia\u021bia Mental Health for Romania","url":"https:\/\/mentalhealthforromania.org\/en\/","logo":{"@type":"ImageObject","inLanguage":"en-US","@id":"https:\/\/mentalhealthforromania.org\/en\/#\/schema\/logo\/image\/","url":"https:\/\/mentalhealthforromania.org\/wp-content\/uploads\/2024\/10\/cropped-logo_square.png","contentUrl":"https:\/\/mentalhealthforromania.org\/wp-content\/uploads\/2024\/10\/cropped-logo_square.png","width":512,"height":512,"caption":"Asocia\u021bia Mental Health for Romania"},"image":{"@id":"https:\/\/mentalhealthforromania.org\/en\/#\/schema\/logo\/image\/"},"sameAs":["https:\/\/www.facebook.com\/MentalHealthRomania","https:\/\/www.instagram.com\/mental_health_for_romania\/","https:\/\/ro.linkedin.com\/company\/mental-health-for-romania"]},{"@type":"Person","@id":"https:\/\/mentalhealthforromania.org\/en\/#\/schema\/person\/f35c8a234751989db8d150f49f997907","name":"Antonius Hegyes","image":{"@type":"ImageObject","inLanguage":"en-US","@id":"https:\/\/mentalhealthforromania.org\/en\/#\/schema\/person\/image\/","url":"https:\/\/secure.gravatar.com\/avatar\/ffbd48d30dfba7cfd0f1cd13492af67569dcfaad384045aa0d4299f8c29d4a7a?s=96&d=mm&r=g","contentUrl":"https:\/\/secure.gravatar.com\/avatar\/ffbd48d30dfba7cfd0f1cd13492af67569dcfaad384045aa0d4299f8c29d4a7a?s=96&d=mm&r=g","caption":"Antonius Hegyes"},"url":""}]}},"_links":{"self":[{"href":"https:\/\/mentalhealthforromania.org\/en\/wp-json\/wp\/v2\/posts\/6786","targetHints":{"allow":["GET"]}}],"collection":[{"href":"https:\/\/mentalhealthforromania.org\/en\/wp-json\/wp\/v2\/posts"}],"about":[{"href":"https:\/\/mentalhealthforromania.org\/en\/wp-json\/wp\/v2\/types\/post"}],"author":[{"embeddable":true,"href":"https:\/\/mentalhealthforromania.org\/en\/wp-json\/wp\/v2\/users\/2"}],"replies":[{"embeddable":true,"href":"https:\/\/mentalhealthforromania.org\/en\/wp-json\/wp\/v2\/comments?post=6786"}],"version-history":[{"count":8,"href":"https:\/\/mentalhealthforromania.org\/en\/wp-json\/wp\/v2\/posts\/6786\/revisions"}],"predecessor-version":[{"id":17115,"href":"https:\/\/mentalhealthforromania.org\/en\/wp-json\/wp\/v2\/posts\/6786\/revisions\/17115"}],"wp:featuredmedia":[{"embeddable":true,"href":"https:\/\/mentalhealthforromania.org\/en\/wp-json\/wp\/v2\/media\/5725"}],"wp:attachment":[{"href":"https:\/\/mentalhealthforromania.org\/en\/wp-json\/wp\/v2\/media?parent=6786"}],"wp:term":[{"taxonomy":"category","embeddable":true,"href":"https:\/\/mentalhealthforromania.org\/en\/wp-json\/wp\/v2\/categories?post=6786"},{"taxonomy":"post_tag","embeddable":true,"href":"https:\/\/mentalhealthforromania.org\/en\/wp-json\/wp\/v2\/tags?post=6786"}],"curies":[{"name":"wp","href":"https:\/\/api.w.org\/{rel}","templated":true}]}}